{"id":146,"date":"2021-12-04T15:13:00","date_gmt":"2021-12-04T15:13:00","guid":{"rendered":"https:\/\/toenisvorster-hilfe.ponten-weber.de\/?p=146"},"modified":"2022-06-27T15:26:41","modified_gmt":"2022-06-27T15:26:41","slug":"dank-toller-unterstuetzung-alle-ausgabe-termine-aufrecht-erhalten","status":"publish","type":"post","link":"https:\/\/www.toenisvorster-hilfe.de\/?p=146","title":{"rendered":"Dank toller Unterst\u00fctzung alle Ausgabe-Termine aufrecht erhalten"},"content":{"rendered":"\n<p>Die Lebensmittelausgabe am 1. April 2020 hat unter den ver\u00e4nderten Bedingungen, beeinflusst durch das Coronavirus, dennoch stattfinden k\u00f6nnen. Die eigentliche Ausgabe konnte mit bereits vorgepackten T\u00fcten problemlos gestaltet werden. Vier junge Menschen einer Facebook-Gruppe haben diese T\u00fcten gepackt und auf Tischen vor der T\u00fcr der Containeranlage bereitgestellt. <\/p>\n\n\n\n<p>Zwecks Einhaltung des Sicherheitsabstandes, waren die&nbsp; entsprechenden Markierungen vorhanden. F\u00fcr alle Helfer eine neue Erfahrung. Mit Unterst\u00fctzung der Krefelder Tafel und Dank der Spendenbereitschaft der \u00f6rtlichen inhabergef\u00fchrten B\u00e4ckereien, Metzgern, dem REWE-Markt in St. T\u00f6nis und den lokalen Landwirten haben auch viele B\u00fcrgerinnen und B\u00fcrger mit Lebensmittelspenden diese Ausgabe erm\u00f6glicht.<\/p>\n\n\n\n<p>Seit den Einschr\u00e4nkungen durch die Corona Pandemie haben wir keinen Termin f\u00fcr die&nbsp; Lebensmittelausgabe&nbsp; gestrichen und uns den jeweiligen Anforderungen angepasst. Das ist nur gelungen weil uns Sch\u00fclerinnen, Sch\u00fcler, Studentinnen, Studenten und&nbsp; junge Erwachsene geholfen haben!<\/p>\n\n\n\n<p>Leider k\u00f6nnen wir die Ausgabe mit bereits vorgepckten T\u00fcten nicht mehr machen, der Aufwand ist sehr&nbsp; gro\u00df und die Bedarfe zu unterschiedlich.<\/p>\n\n\n\n<p><strong>Den Termin f\u00fcr die n\u00e4chste Lebensmittelausgabe entnehmen Sie bitte der <\/strong><a href=\"https:\/\/www.toenisvorster-hilfe.de\/?p=133\" data-type=\"post\" data-id=\"133\"><strong>Termin\u00fcbersicht<\/strong>!<\/a><\/p>\n","protected":false},"excerpt":{"rendered":"<p>Die Lebensmittelausgabe am 1. April 2020 hat unter den ver\u00e4nderten Bedingungen, beeinflusst durch das Coronavirus, dennoch stattfinden k\u00f6nnen. Die eigentliche Ausgabe konnte mit bereits vorgepackten T\u00fcten problemlos gestaltet werden. Vier<\/p>\n","protected":false},"author":1,"featured_media":151,"comment_status":"closed","ping_status":"","sticky":false,"template":"","format":"standard","meta":{"footnotes":""},"categories":[5],"tags":[],"class_list":["post-146","post","type-post","status-publish","format-standard","has-post-thumbnail","hentry","category-aktuelles"],"_links":{"self":[{"href":"https:\/\/www.toenisvorster-hilfe.de\/index.php?rest_route=\/wp\/v2\/posts\/146","targetHints":{"allow":["GET"]}}],"collection":[{"href":"https:\/\/www.toenisvorster-hilfe.de\/index.php?rest_route=\/wp\/v2\/posts"}],"about":[{"href":"https:\/\/www.toenisvorster-hilfe.de\/index.php?rest_route=\/wp\/v2\/types\/post"}],"author":[{"embeddable":true,"href":"https:\/\/www.toenisvorster-hilfe.de\/index.php?rest_route=\/wp\/v2\/users\/1"}],"replies":[{"embeddable":true,"href":"https:\/\/www.toenisvorster-hilfe.de\/index.php?rest_route=%2Fwp%2Fv2%2Fcomments&post=146"}],"version-history":[{"count":2,"href":"https:\/\/www.toenisvorster-hilfe.de\/index.php?rest_route=\/wp\/v2\/posts\/146\/revisions"}],"predecessor-version":[{"id":150,"href":"https:\/\/www.toenisvorster-hilfe.de\/index.php?rest_route=\/wp\/v2\/posts\/146\/revisions\/150"}],"wp:featuredmedia":[{"embeddable":true,"href":"https:\/\/www.toenisvorster-hilfe.de\/index.php?rest_route=\/wp\/v2\/media\/151"}],"wp:attachment":[{"href":"https:\/\/www.toenisvorster-hilfe.de\/index.php?rest_route=%2Fwp%2Fv2%2Fmedia&parent=146"}],"wp:term":[{"taxonomy":"category","embeddable":true,"href":"https:\/\/www.toenisvorster-hilfe.de\/index.php?rest_route=%2Fwp%2Fv2%2Fcategories&post=146"},{"taxonomy":"post_tag","embeddable":true,"href":"https:\/\/www.toenisvorster-hilfe.de\/index.php?rest_route=%2Fwp%2Fv2%2Ftags&post=146"}],"curies":[{"name":"wp","href":"https:\/\/api.w.org\/{rel}","templated":true}]}}