{"id":177,"date":"2020-11-04T07:27:00","date_gmt":"2020-11-04T07:27:00","guid":{"rendered":"https:\/\/toenisvorster-hilfe.ponten-weber.de\/?p=177"},"modified":"2022-06-28T07:34:27","modified_gmt":"2022-06-28T07:34:27","slug":"rewe-aktion-teller-fuellen-und-neuer-zaun-um-unsere-anlage","status":"publish","type":"post","link":"https:\/\/www.toenisvorster-hilfe.de\/?p=177","title":{"rendered":"REWE-Aktion &#8222;Teller f\u00fcllen&#8220; und neuer Zaun um unsere Anlage"},"content":{"rendered":"\n<p>Der Verein beteiligte sich aktiv an der REWE Aktion &#8222;Teller f\u00fcllen&#8220; . Es werden\u00a0bereits mit Lebensmitteln\u00a0gef\u00fcllte T\u00fcten im Wert von 5,- Euro angeboten. Die T\u00fcten konnten erworben werden und der Inhalt wurde dem Verein gespendet.\u00a0Im REWE Markt St. T\u00f6nis wurden mit Helfern des Vereins und Sch\u00fclern des MEG am 22.\/ 24. und 29.\/ 31. Oktober 2020 die Besucher des Marktes zum Kauf der T\u00fcten sehr erfolgreich motiviert.<\/p>\n\n\n\n<p>Leider konnten weitere bereits geplante Sammelaktionen wegen der Pandemie nicht gestartet werden.\u00a0<\/p>\n\n\n\n<p>Erfreulicherweise wurde aber schon am 12. und 13. Oktober der Zaun um unsere Anlage errichtet worden.<\/p>\n","protected":false},"excerpt":{"rendered":"<p>Der Verein beteiligte sich aktiv an der REWE Aktion &#8222;Teller f\u00fcllen&#8220; . Es werden\u00a0bereits mit Lebensmitteln\u00a0gef\u00fcllte T\u00fcten im Wert von 5,- Euro angeboten. Die T\u00fcten konnten erworben werden und der<\/p>\n","protected":false},"author":1,"featured_media":178,"comment_status":"closed","ping_status":"","sticky":false,"template":"","format":"standard","meta":{"footnotes":""},"categories":[5],"tags":[],"class_list":["post-177","post","type-post","status-publish","format-standard","has-post-thumbnail","hentry","category-aktuelles"],"_links":{"self":[{"href":"https:\/\/www.toenisvorster-hilfe.de\/index.php?rest_route=\/wp\/v2\/posts\/177","targetHints":{"allow":["GET"]}}],"collection":[{"href":"https:\/\/www.toenisvorster-hilfe.de\/index.php?rest_route=\/wp\/v2\/posts"}],"about":[{"href":"https:\/\/www.toenisvorster-hilfe.de\/index.php?rest_route=\/wp\/v2\/types\/post"}],"author":[{"embeddable":true,"href":"https:\/\/www.toenisvorster-hilfe.de\/index.php?rest_route=\/wp\/v2\/users\/1"}],"replies":[{"embeddable":true,"href":"https:\/\/www.toenisvorster-hilfe.de\/index.php?rest_route=%2Fwp%2Fv2%2Fcomments&post=177"}],"version-history":[{"count":1,"href":"https:\/\/www.toenisvorster-hilfe.de\/index.php?rest_route=\/wp\/v2\/posts\/177\/revisions"}],"predecessor-version":[{"id":179,"href":"https:\/\/www.toenisvorster-hilfe.de\/index.php?rest_route=\/wp\/v2\/posts\/177\/revisions\/179"}],"wp:featuredmedia":[{"embeddable":true,"href":"https:\/\/www.toenisvorster-hilfe.de\/index.php?rest_route=\/wp\/v2\/media\/178"}],"wp:attachment":[{"href":"https:\/\/www.toenisvorster-hilfe.de\/index.php?rest_route=%2Fwp%2Fv2%2Fmedia&parent=177"}],"wp:term":[{"taxonomy":"category","embeddable":true,"href":"https:\/\/www.toenisvorster-hilfe.de\/index.php?rest_route=%2Fwp%2Fv2%2Fcategories&post=177"},{"taxonomy":"post_tag","embeddable":true,"href":"https:\/\/www.toenisvorster-hilfe.de\/index.php?rest_route=%2Fwp%2Fv2%2Ftags&post=177"}],"curies":[{"name":"wp","href":"https:\/\/api.w.org\/{rel}","templated":true}]}}