{"id":495,"date":"2024-10-07T06:14:23","date_gmt":"2024-10-07T06:14:23","guid":{"rendered":"https:\/\/www.toenisvorster-hilfe.de\/?p=495"},"modified":"2024-10-07T06:14:23","modified_gmt":"2024-10-07T06:14:23","slug":"wir-sammeln-wieder-bei-rewe-in-st-toenis","status":"publish","type":"post","link":"https:\/\/www.toenisvorster-hilfe.de\/?p=495","title":{"rendered":"Wir sammeln wieder bei REWE in St. T\u00f6nis"},"content":{"rendered":"\n<p>Der Verein T\u00f6nisvorster Hilfe e.V. bittet wieder um Lebensmittel.  Zusammen mit dem REWE Markt in St. T\u00f6nis sammelt die T\u00f6nisvorster Hilfe in den Tagen vom 7. bis zum 19. Oktober 2023.<\/p>\n\n\n\n<p>Im Markt stehen bereits mit Lebensmitteln bef\u00fcllte T\u00fcten im Wert von 5.-\u20ac an der Kasse bereit. Der Inhalt der T\u00fcten ist f\u00fcr die T\u00f6nisvorster Hilfe bestimmt.<\/p>\n\n\n\n<p>Die aktiven Helfer der T\u00f6nisvorster Hilfe werden am Donnerstag, <strong>10. Oktober<\/strong> und den <strong>17. Oktober<\/strong> und dann jeweils Samstag <strong>am 12. und 19. Oktober (jeweils von 10-14 Uhr) <\/strong>, sowie Freitags Abends direkt vor Ort sein und um den Kauf der T\u00fcten zu bitten.<\/p>\n\n\n\n<p><\/p>\n","protected":false},"excerpt":{"rendered":"<p>Der Verein T\u00f6nisvorster Hilfe e.V. bittet wieder um Lebensmittel. Zusammen mit dem REWE Markt in St. T\u00f6nis sammelt die T\u00f6nisvorster Hilfe in den Tagen vom 7. bis zum 19. Oktober<\/p>\n","protected":false},"author":2,"featured_media":0,"comment_status":"closed","ping_status":"","sticky":false,"template":"","format":"standard","meta":{"footnotes":""},"categories":[18],"tags":[],"class_list":["post-495","post","type-post","status-publish","format-standard","hentry","category-aktuelle-informationen"],"_links":{"self":[{"href":"https:\/\/www.toenisvorster-hilfe.de\/index.php?rest_route=\/wp\/v2\/posts\/495","targetHints":{"allow":["GET"]}}],"collection":[{"href":"https:\/\/www.toenisvorster-hilfe.de\/index.php?rest_route=\/wp\/v2\/posts"}],"about":[{"href":"https:\/\/www.toenisvorster-hilfe.de\/index.php?rest_route=\/wp\/v2\/types\/post"}],"author":[{"embeddable":true,"href":"https:\/\/www.toenisvorster-hilfe.de\/index.php?rest_route=\/wp\/v2\/users\/2"}],"replies":[{"embeddable":true,"href":"https:\/\/www.toenisvorster-hilfe.de\/index.php?rest_route=%2Fwp%2Fv2%2Fcomments&post=495"}],"version-history":[{"count":1,"href":"https:\/\/www.toenisvorster-hilfe.de\/index.php?rest_route=\/wp\/v2\/posts\/495\/revisions"}],"predecessor-version":[{"id":496,"href":"https:\/\/www.toenisvorster-hilfe.de\/index.php?rest_route=\/wp\/v2\/posts\/495\/revisions\/496"}],"wp:attachment":[{"href":"https:\/\/www.toenisvorster-hilfe.de\/index.php?rest_route=%2Fwp%2Fv2%2Fmedia&parent=495"}],"wp:term":[{"taxonomy":"category","embeddable":true,"href":"https:\/\/www.toenisvorster-hilfe.de\/index.php?rest_route=%2Fwp%2Fv2%2Fcategories&post=495"},{"taxonomy":"post_tag","embeddable":true,"href":"https:\/\/www.toenisvorster-hilfe.de\/index.php?rest_route=%2Fwp%2Fv2%2Ftags&post=495"}],"curies":[{"name":"wp","href":"https:\/\/api.w.org\/{rel}","templated":true}]}}