{"id":508,"date":"2024-12-02T10:52:43","date_gmt":"2024-12-02T10:52:43","guid":{"rendered":"https:\/\/www.toenisvorster-hilfe.de\/?p=508"},"modified":"2024-12-02T10:52:43","modified_gmt":"2024-12-02T10:52:43","slug":"st-martin-spendet-an-die-toenisvorster-hilfe","status":"publish","type":"post","link":"https:\/\/www.toenisvorster-hilfe.de\/?p=508","title":{"rendered":"St. Martin spendet an die T\u00f6nisvorster Hilfe"},"content":{"rendered":"\n<p>Auch in diesem Jahr hat die T\u00f6nisvorster Hilfe zahlreiche Spenden vom Sankt Martin erhalten. Wir freuen uns die Weckm\u00e4nner, S\u00fcssigkeiten und das Obst an die Kinder und Bed\u00fcrftigen in T\u00f6nisvorst verteilen zu k\u00f6nnen. Wir bedanken uns ganz recht herzlich beim <strong>St. Martinskomittee Sankt T\u00f6nis, Vorst und Laschenh\u00fctte<\/strong> wie auch beim <strong>Kindergarten Biberburg<\/strong>, wo viele kleine H\u00e4nde die S\u00fc\u00dfigkeiten zu uns in die Ausgabestelle gebracht haben.<\/p>\n\n\n\n<p><\/p>\n","protected":false},"excerpt":{"rendered":"<p>Auch in diesem Jahr hat die T\u00f6nisvorster Hilfe zahlreiche Spenden vom Sankt Martin erhalten. Wir freuen uns die Weckm\u00e4nner, S\u00fcssigkeiten und das Obst an die Kinder und Bed\u00fcrftigen in T\u00f6nisvorst<\/p>\n","protected":false},"author":2,"featured_media":0,"comment_status":"closed","ping_status":"","sticky":false,"template":"","format":"standard","meta":{"footnotes":""},"categories":[5],"tags":[],"class_list":["post-508","post","type-post","status-publish","format-standard","hentry","category-aktuelles"],"_links":{"self":[{"href":"https:\/\/www.toenisvorster-hilfe.de\/index.php?rest_route=\/wp\/v2\/posts\/508","targetHints":{"allow":["GET"]}}],"collection":[{"href":"https:\/\/www.toenisvorster-hilfe.de\/index.php?rest_route=\/wp\/v2\/posts"}],"about":[{"href":"https:\/\/www.toenisvorster-hilfe.de\/index.php?rest_route=\/wp\/v2\/types\/post"}],"author":[{"embeddable":true,"href":"https:\/\/www.toenisvorster-hilfe.de\/index.php?rest_route=\/wp\/v2\/users\/2"}],"replies":[{"embeddable":true,"href":"https:\/\/www.toenisvorster-hilfe.de\/index.php?rest_route=%2Fwp%2Fv2%2Fcomments&post=508"}],"version-history":[{"count":2,"href":"https:\/\/www.toenisvorster-hilfe.de\/index.php?rest_route=\/wp\/v2\/posts\/508\/revisions"}],"predecessor-version":[{"id":510,"href":"https:\/\/www.toenisvorster-hilfe.de\/index.php?rest_route=\/wp\/v2\/posts\/508\/revisions\/510"}],"wp:attachment":[{"href":"https:\/\/www.toenisvorster-hilfe.de\/index.php?rest_route=%2Fwp%2Fv2%2Fmedia&parent=508"}],"wp:term":[{"taxonomy":"category","embeddable":true,"href":"https:\/\/www.toenisvorster-hilfe.de\/index.php?rest_route=%2Fwp%2Fv2%2Fcategories&post=508"},{"taxonomy":"post_tag","embeddable":true,"href":"https:\/\/www.toenisvorster-hilfe.de\/index.php?rest_route=%2Fwp%2Fv2%2Ftags&post=508"}],"curies":[{"name":"wp","href":"https:\/\/api.w.org\/{rel}","templated":true}]}}