{"id":551,"date":"2025-07-07T08:58:00","date_gmt":"2025-07-07T08:58:00","guid":{"rendered":"https:\/\/www.toenisvorster-hilfe.de\/?p=551"},"modified":"2025-07-07T08:58:31","modified_gmt":"2025-07-07T08:58:31","slug":"ab-jetzt-ohne-ffp2-maske","status":"publish","type":"post","link":"https:\/\/www.toenisvorster-hilfe.de\/?p=551","title":{"rendered":"Ab jetzt &#8211; ohne FFP2 Maske"},"content":{"rendered":"\n<p>Der Vorstand hat gemeinsam mit den Teamleitern beschlossen, dass das Tragen von FFP2 Masken w\u00e4hrend der Ausgabe f\u00fcr unsere Kunden und den freiwilligen Helfern ab dem 1. Juni 2025 nicht mehr n\u00f6tig ist.<\/p>\n\n\n\n<p>Wir appellieren an alle, dass bei Erk\u00e4ltungssymptomen die Person eine FFP2 Maske zum Schutz der anderen Kunden und Helfern tr\u00e4gt.<\/p>\n\n\n\n<p><\/p>\n\n\n\n<p><\/p>\n","protected":false},"excerpt":{"rendered":"<p>Der Vorstand hat gemeinsam mit den Teamleitern beschlossen, dass das Tragen von FFP2 Masken w\u00e4hrend der Ausgabe f\u00fcr unsere Kunden und den freiwilligen Helfern ab dem 1. Juni 2025 nicht<\/p>\n","protected":false},"author":2,"featured_media":0,"comment_status":"closed","ping_status":"","sticky":false,"template":"","format":"standard","meta":{"footnotes":""},"categories":[7],"tags":[],"class_list":["post-551","post","type-post","status-publish","format-standard","hentry","category-hygienemassnahmen"],"_links":{"self":[{"href":"https:\/\/www.toenisvorster-hilfe.de\/index.php?rest_route=\/wp\/v2\/posts\/551","targetHints":{"allow":["GET"]}}],"collection":[{"href":"https:\/\/www.toenisvorster-hilfe.de\/index.php?rest_route=\/wp\/v2\/posts"}],"about":[{"href":"https:\/\/www.toenisvorster-hilfe.de\/index.php?rest_route=\/wp\/v2\/types\/post"}],"author":[{"embeddable":true,"href":"https:\/\/www.toenisvorster-hilfe.de\/index.php?rest_route=\/wp\/v2\/users\/2"}],"replies":[{"embeddable":true,"href":"https:\/\/www.toenisvorster-hilfe.de\/index.php?rest_route=%2Fwp%2Fv2%2Fcomments&post=551"}],"version-history":[{"count":2,"href":"https:\/\/www.toenisvorster-hilfe.de\/index.php?rest_route=\/wp\/v2\/posts\/551\/revisions"}],"predecessor-version":[{"id":553,"href":"https:\/\/www.toenisvorster-hilfe.de\/index.php?rest_route=\/wp\/v2\/posts\/551\/revisions\/553"}],"wp:attachment":[{"href":"https:\/\/www.toenisvorster-hilfe.de\/index.php?rest_route=%2Fwp%2Fv2%2Fmedia&parent=551"}],"wp:term":[{"taxonomy":"category","embeddable":true,"href":"https:\/\/www.toenisvorster-hilfe.de\/index.php?rest_route=%2Fwp%2Fv2%2Fcategories&post=551"},{"taxonomy":"post_tag","embeddable":true,"href":"https:\/\/www.toenisvorster-hilfe.de\/index.php?rest_route=%2Fwp%2Fv2%2Ftags&post=551"}],"curies":[{"name":"wp","href":"https:\/\/api.w.org\/{rel}","templated":true}]}}