{"id":554,"date":"2025-07-07T12:32:11","date_gmt":"2025-07-07T12:32:11","guid":{"rendered":"https:\/\/www.toenisvorster-hilfe.de\/?p=554"},"modified":"2025-07-07T12:48:46","modified_gmt":"2025-07-07T12:48:46","slug":"3-jahre-globus-toenisvorst-danke","status":"publish","type":"post","link":"https:\/\/www.toenisvorster-hilfe.de\/?p=554","title":{"rendered":"3 Jahre GLOBUS T\u00f6nisvorst &#8211; DANKE"},"content":{"rendered":"\n<p>Anl\u00e4sslich des 3-j\u00e4hrigen Bestehens hat Globus nicht nur gefeiert \u2013 sondern auch etwas zur\u00fcckgegeben. <\/p>\n\n\n\n<p>Im Rahmen der Globus Geburtstagskuchen-Verk\u00e4ufe, die in enger Zusammenarbeit mit vielen lokalen Vereinen durchf\u00fchrt wurden, hat die <em>T\u00f6nisvorster Hilfe<\/em> tatkr\u00e4ftig Kuchen verkauft und Spenden gesammelt.<\/p>\n\n\n\n<p>Die Globus Meisterb\u00e4ckerei hat einen k\u00f6stlichen Geburtstagskuchen gebacken, der von unseren engagierten Helferinnen und Helfern verkauft wurde. Der gesamte Erl\u00f6s kam direkt der T\u00f6nisvorster Hilfe zugute \u2013 und das Beste: <em>Globus T\u00f6nisvorst hat den Betrag am Ende des Tages verdoppelt!<\/em> <\/p>\n\n\n\n<p>Mit einem symbolischen Scheck wurde die Spende \u00fcberreicht.<\/p>\n\n\n\n<p>Ein herzliches Dankesch\u00f6n an Globus an die freiwillgen Helfer iund nat\u00fcrlich an den Kundinnen und Kunden, die mit jedem St\u00fcck Kuchen ein St\u00fcck Hoffnung gespendet haben. So schmeckt gemeinschaftliches Engagement.<\/p>\n\n\n\n<figure class=\"wp-block-image\"><img loading=\"lazy\" decoding=\"async\" width=\"2560\" height=\"2560\" src=\"https:\/\/www.toenisvorster-hilfe.de\/wp-content\/uploads\/2025\/07\/Globus-Kuchenspende-scaled.jpg\" alt=\"\" class=\"wp-image-555\" srcset=\"https:\/\/www.toenisvorster-hilfe.de\/wp-content\/uploads\/2025\/07\/Globus-Kuchenspende-scaled.jpg 2560w, https:\/\/www.toenisvorster-hilfe.de\/wp-content\/uploads\/2025\/07\/Globus-Kuchenspende-300x300.jpg 300w, https:\/\/www.toenisvorster-hilfe.de\/wp-content\/uploads\/2025\/07\/Globus-Kuchenspende-1024x1024.jpg 1024w, https:\/\/www.toenisvorster-hilfe.de\/wp-content\/uploads\/2025\/07\/Globus-Kuchenspende-150x150.jpg 150w, https:\/\/www.toenisvorster-hilfe.de\/wp-content\/uploads\/2025\/07\/Globus-Kuchenspende-768x768.jpg 768w, https:\/\/www.toenisvorster-hilfe.de\/wp-content\/uploads\/2025\/07\/Globus-Kuchenspende-1536x1536.jpg 1536w, https:\/\/www.toenisvorster-hilfe.de\/wp-content\/uploads\/2025\/07\/Globus-Kuchenspende-2048x2048.jpg 2048w\" sizes=\"auto, (max-width: 2560px) 100vw, 2560px\" \/><\/figure>\n\n\n\n<figure class=\"wp-block-image\"><img loading=\"lazy\" decoding=\"async\" width=\"2048\" height=\"1536\" src=\"https:\/\/www.toenisvorster-hilfe.de\/wp-content\/uploads\/2025\/07\/Kuchen-Aktion-Globus-2.jpg\" alt=\"\" class=\"wp-image-557\" srcset=\"https:\/\/www.toenisvorster-hilfe.de\/wp-content\/uploads\/2025\/07\/Kuchen-Aktion-Globus-2.jpg 2048w, https:\/\/www.toenisvorster-hilfe.de\/wp-content\/uploads\/2025\/07\/Kuchen-Aktion-Globus-2-300x225.jpg 300w, https:\/\/www.toenisvorster-hilfe.de\/wp-content\/uploads\/2025\/07\/Kuchen-Aktion-Globus-2-1024x768.jpg 1024w, https:\/\/www.toenisvorster-hilfe.de\/wp-content\/uploads\/2025\/07\/Kuchen-Aktion-Globus-2-768x576.jpg 768w, https:\/\/www.toenisvorster-hilfe.de\/wp-content\/uploads\/2025\/07\/Kuchen-Aktion-Globus-2-1536x1152.jpg 1536w\" sizes=\"auto, (max-width: 2048px) 100vw, 2048px\" \/><\/figure>\n\n\n\n<figure class=\"wp-block-image\"><img loading=\"lazy\" decoding=\"async\" width=\"1536\" height=\"2048\" src=\"https:\/\/www.toenisvorster-hilfe.de\/wp-content\/uploads\/2025\/07\/Kuchenaktion-Globus.jpg\" alt=\"\" class=\"wp-image-558\" srcset=\"https:\/\/www.toenisvorster-hilfe.de\/wp-content\/uploads\/2025\/07\/Kuchenaktion-Globus.jpg 1536w, https:\/\/www.toenisvorster-hilfe.de\/wp-content\/uploads\/2025\/07\/Kuchenaktion-Globus-225x300.jpg 225w, https:\/\/www.toenisvorster-hilfe.de\/wp-content\/uploads\/2025\/07\/Kuchenaktion-Globus-768x1024.jpg 768w, https:\/\/www.toenisvorster-hilfe.de\/wp-content\/uploads\/2025\/07\/Kuchenaktion-Globus-1152x1536.jpg 1152w\" sizes=\"auto, (max-width: 1536px) 100vw, 1536px\" \/><\/figure>\n","protected":false},"excerpt":{"rendered":"<p>Anl\u00e4sslich des 3-j\u00e4hrigen Bestehens hat Globus nicht nur gefeiert \u2013 sondern auch etwas zur\u00fcckgegeben. Im Rahmen der Globus Geburtstagskuchen-Verk\u00e4ufe, die in enger Zusammenarbeit mit vielen lokalen Vereinen durchf\u00fchrt wurden, hat<\/p>\n","protected":false},"author":2,"featured_media":0,"comment_status":"closed","ping_status":"","sticky":false,"template":"","format":"standard","meta":{"footnotes":""},"categories":[5,18],"tags":[],"class_list":["post-554","post","type-post","status-publish","format-standard","hentry","category-aktuelles","category-aktuelle-informationen"],"_links":{"self":[{"href":"https:\/\/www.toenisvorster-hilfe.de\/index.php?rest_route=\/wp\/v2\/posts\/554","targetHints":{"allow":["GET"]}}],"collection":[{"href":"https:\/\/www.toenisvorster-hilfe.de\/index.php?rest_route=\/wp\/v2\/posts"}],"about":[{"href":"https:\/\/www.toenisvorster-hilfe.de\/index.php?rest_route=\/wp\/v2\/types\/post"}],"author":[{"embeddable":true,"href":"https:\/\/www.toenisvorster-hilfe.de\/index.php?rest_route=\/wp\/v2\/users\/2"}],"replies":[{"embeddable":true,"href":"https:\/\/www.toenisvorster-hilfe.de\/index.php?rest_route=%2Fwp%2Fv2%2Fcomments&post=554"}],"version-history":[{"count":3,"href":"https:\/\/www.toenisvorster-hilfe.de\/index.php?rest_route=\/wp\/v2\/posts\/554\/revisions"}],"predecessor-version":[{"id":560,"href":"https:\/\/www.toenisvorster-hilfe.de\/index.php?rest_route=\/wp\/v2\/posts\/554\/revisions\/560"}],"wp:attachment":[{"href":"https:\/\/www.toenisvorster-hilfe.de\/index.php?rest_route=%2Fwp%2Fv2%2Fmedia&parent=554"}],"wp:term":[{"taxonomy":"category","embeddable":true,"href":"https:\/\/www.toenisvorster-hilfe.de\/index.php?rest_route=%2Fwp%2Fv2%2Fcategories&post=554"},{"taxonomy":"post_tag","embeddable":true,"href":"https:\/\/www.toenisvorster-hilfe.de\/index.php?rest_route=%2Fwp%2Fv2%2Ftags&post=554"}],"curies":[{"name":"wp","href":"https:\/\/api.w.org\/{rel}","templated":true}]}}