{"id":566,"date":"2025-10-16T11:49:49","date_gmt":"2025-10-16T11:49:49","guid":{"rendered":"https:\/\/www.toenisvorster-hilfe.de\/?p=566"},"modified":"2025-10-16T11:49:49","modified_gmt":"2025-10-16T11:49:49","slug":"danke-den-vielen-spendern","status":"publish","type":"post","link":"https:\/\/www.toenisvorster-hilfe.de\/?p=566","title":{"rendered":"Danke den vielen Spendern"},"content":{"rendered":"\n<p>Ein-Teil-Mehr Sammelaktion bei Globus am 6.9.2025<\/p>\n\n\n\n<p>5\u20ac T\u00fctenaktion bei REWE im September 2025<\/p>\n\n\n\n<p>Die T\u00f6nisvorster Hilfe m\u00f6chte sich bei den zahllosen Spendern bedanken, die zu einem erfolgreichen Sachspendenergebnis bei den Aktionen bei Globus und REWE beigetragen haben!<\/p>\n\n\n\n<p>Wir sind dringend auf diese Spenden angewiesen um allen Bed\u00fcrftigen in T\u00f6nisvorst mit einer ausreichenden Menge an haltbaren und frischen Lebensmitteln versorgen zu k\u00f6nnen.<\/p>\n\n\n\n<p>Im Namen der Bed\u00fcrftigen und dem Vorstand der T\u00f6nisvorster Hilfe: DANKE<\/p>\n\n\n\n<p><\/p>\n\n\n\n<p><\/p>\n","protected":false},"excerpt":{"rendered":"<p>Ein-Teil-Mehr Sammelaktion bei Globus am 6.9.2025 5\u20ac T\u00fctenaktion bei REWE im September 2025 Die T\u00f6nisvorster Hilfe m\u00f6chte sich bei den zahllosen Spendern bedanken, die zu einem erfolgreichen Sachspendenergebnis bei den<\/p>\n","protected":false},"author":2,"featured_media":0,"comment_status":"closed","ping_status":"","sticky":false,"template":"","format":"standard","meta":{"footnotes":""},"categories":[18],"tags":[],"class_list":["post-566","post","type-post","status-publish","format-standard","hentry","category-aktuelle-informationen"],"_links":{"self":[{"href":"https:\/\/www.toenisvorster-hilfe.de\/index.php?rest_route=\/wp\/v2\/posts\/566","targetHints":{"allow":["GET"]}}],"collection":[{"href":"https:\/\/www.toenisvorster-hilfe.de\/index.php?rest_route=\/wp\/v2\/posts"}],"about":[{"href":"https:\/\/www.toenisvorster-hilfe.de\/index.php?rest_route=\/wp\/v2\/types\/post"}],"author":[{"embeddable":true,"href":"https:\/\/www.toenisvorster-hilfe.de\/index.php?rest_route=\/wp\/v2\/users\/2"}],"replies":[{"embeddable":true,"href":"https:\/\/www.toenisvorster-hilfe.de\/index.php?rest_route=%2Fwp%2Fv2%2Fcomments&post=566"}],"version-history":[{"count":3,"href":"https:\/\/www.toenisvorster-hilfe.de\/index.php?rest_route=\/wp\/v2\/posts\/566\/revisions"}],"predecessor-version":[{"id":569,"href":"https:\/\/www.toenisvorster-hilfe.de\/index.php?rest_route=\/wp\/v2\/posts\/566\/revisions\/569"}],"wp:attachment":[{"href":"https:\/\/www.toenisvorster-hilfe.de\/index.php?rest_route=%2Fwp%2Fv2%2Fmedia&parent=566"}],"wp:term":[{"taxonomy":"category","embeddable":true,"href":"https:\/\/www.toenisvorster-hilfe.de\/index.php?rest_route=%2Fwp%2Fv2%2Fcategories&post=566"},{"taxonomy":"post_tag","embeddable":true,"href":"https:\/\/www.toenisvorster-hilfe.de\/index.php?rest_route=%2Fwp%2Fv2%2Ftags&post=566"}],"curies":[{"name":"wp","href":"https:\/\/api.w.org\/{rel}","templated":true}]}}