{"id":579,"date":"2025-12-19T13:11:22","date_gmt":"2025-12-19T13:11:22","guid":{"rendered":"https:\/\/www.toenisvorster-hilfe.de\/?p=579"},"modified":"2025-12-19T13:11:22","modified_gmt":"2025-12-19T13:11:22","slug":"danke-an-alle-spender","status":"publish","type":"post","link":"https:\/\/www.toenisvorster-hilfe.de\/?p=579","title":{"rendered":"Danke an alle Spender"},"content":{"rendered":"\n<p>Die T\u00f6nisvorster Hilfe e.V. m\u00f6chte sich bei allen Spendern bedanken die unsere Arbeit im Jahr 2025 unterst\u00fctzt haben.<\/p>\n\n\n\n<p>Ohne Ihre Hilfe w\u00e4ren wir nicht in der Lage alle Hilfesuchenden mit einer angemessenen Menge an Lebensmittel versorgen zu k\u00f6nnen. Viele Tafel Organisationen in Deutschland haben mittlerweile einen Aufnahmestopp verh\u00e4ngen m\u00fcssen, da die vom Einzelhandel abgegeben Mengen an frischen Lebensmitteln nicht ausreicht um alle Bed\u00fcrftige zu versorgen.<\/p>\n\n\n\n<p>Wir sind in der gl\u00fccklichen Lage durch den Zukauf von haltbaren Lebensmitteln alle Bed\u00fcrftige zu helfen.<\/p>\n\n\n\n<p>Danke an alle Spender und Danke an die ehrenamtlichen Helfer die uns beim Sammeln von Lebensmittelspenden bei REWE und Globus so tatkr\u00e4ftig unterst\u00fctzen.<\/p>\n\n\n\n<p>Der Vorstand w\u00fcnscht allen ein gesegnetes Weihnachtsfest und ein gl\u00fcckliches neues Jahr 2026.<\/p>\n\n\n\n<p><\/p>\n","protected":false},"excerpt":{"rendered":"<p>Die T\u00f6nisvorster Hilfe e.V. m\u00f6chte sich bei allen Spendern bedanken die unsere Arbeit im Jahr 2025 unterst\u00fctzt haben. Ohne Ihre Hilfe w\u00e4ren wir nicht in der Lage alle Hilfesuchenden mit<\/p>\n","protected":false},"author":2,"featured_media":0,"comment_status":"closed","ping_status":"","sticky":false,"template":"","format":"standard","meta":{"footnotes":""},"categories":[1,5],"tags":[],"class_list":["post-579","post","type-post","status-publish","format-standard","hentry","category-mitgliederversammlung","category-aktuelles"],"_links":{"self":[{"href":"https:\/\/www.toenisvorster-hilfe.de\/index.php?rest_route=\/wp\/v2\/posts\/579","targetHints":{"allow":["GET"]}}],"collection":[{"href":"https:\/\/www.toenisvorster-hilfe.de\/index.php?rest_route=\/wp\/v2\/posts"}],"about":[{"href":"https:\/\/www.toenisvorster-hilfe.de\/index.php?rest_route=\/wp\/v2\/types\/post"}],"author":[{"embeddable":true,"href":"https:\/\/www.toenisvorster-hilfe.de\/index.php?rest_route=\/wp\/v2\/users\/2"}],"replies":[{"embeddable":true,"href":"https:\/\/www.toenisvorster-hilfe.de\/index.php?rest_route=%2Fwp%2Fv2%2Fcomments&post=579"}],"version-history":[{"count":3,"href":"https:\/\/www.toenisvorster-hilfe.de\/index.php?rest_route=\/wp\/v2\/posts\/579\/revisions"}],"predecessor-version":[{"id":582,"href":"https:\/\/www.toenisvorster-hilfe.de\/index.php?rest_route=\/wp\/v2\/posts\/579\/revisions\/582"}],"wp:attachment":[{"href":"https:\/\/www.toenisvorster-hilfe.de\/index.php?rest_route=%2Fwp%2Fv2%2Fmedia&parent=579"}],"wp:term":[{"taxonomy":"category","embeddable":true,"href":"https:\/\/www.toenisvorster-hilfe.de\/index.php?rest_route=%2Fwp%2Fv2%2Fcategories&post=579"},{"taxonomy":"post_tag","embeddable":true,"href":"https:\/\/www.toenisvorster-hilfe.de\/index.php?rest_route=%2Fwp%2Fv2%2Ftags&post=579"}],"curies":[{"name":"wp","href":"https:\/\/api.w.org\/{rel}","templated":true}]}}